{"id":303,"date":"2025-11-07T10:00:00","date_gmt":"2025-11-07T09:00:00","guid":{"rendered":"https:\/\/alvicosmetics.com\/blog\/?p=303"},"modified":"2025-11-07T11:33:21","modified_gmt":"2025-11-07T10:33:21","slug":"tratamiento-capilar-reparador-como-recuperar-el-brillo-del-cabello-despues-del-verano","status":"publish","type":"post","link":"https:\/\/alvicosmetics.com\/blog\/tratamiento-capilar-reparador-como-recuperar-el-brillo-del-cabello-despues-del-verano\/","title":{"rendered":"Tratamiento capilar reparador: c\u00f3mo recuperar el brillo del cabello despu\u00e9s del verano"},"content":{"rendered":"\n<p>El verano deja buenos recuerdos, pero tambi\u00e9n un cabello seco, \u00e1spero y sin vida. La exposici\u00f3n continuada al sol, el cloro, la sal marina y el calor son factores que da\u00f1an la cut\u00edcula capilar, haciendo que el pelo pierda hidrataci\u00f3n y brillo. La buena noticia es que puedes revertir ese efecto con constancia, productos adecuados y un tratamiento capilar reparador que devuelva fuerza y luminosidad a tu melena.El verano deja recuerdos inolvidables, pero tambi\u00e9n puede pasar factura a tu melena: sol, sal, cloro y uso intensivo de herramientas de peinado pueden da\u00f1ar la fibra capilar, eliminar hidrataci\u00f3n y opacar el brillo del cabello. Afortunadamente, existen tratamientos espec\u00edficos que reparan desde dentro, restauran suavidad y recuperan lustre profesional.<\/p>\n\n\n\n<h2 class=\"wp-block-heading\" id=\"h-el-primer-paso-una-limpieza-suave-y-reparadora\">El primer paso: una limpieza suave y reparadora<\/h2>\n\n\n\n<p>Despu\u00e9s del verano, el cabello necesita una limpieza respetuosa que no elimine los aceites naturales. Evita los champ\u00fas agresivos y apuesta por f\u00f3rmulas nutritivas que preparen la fibra capilar para recibir los tratamientos posteriores.<br>En la tienda de Alvicosmetics encontrar\u00e1s opciones profesionales como <strong><a href=\"https:\/\/alvicosmetics.com\/desrizantesalisado\/580-kit-alisado-brasileno-con-keratina-aceite-argan-kativa.html\">Champ\u00fa Nutritivo Argan Oil de Kativa<\/a><\/strong>, ideal para cabellos secos y castigados, o el <strong><a href=\"https:\/\/alvicosmetics.com\/champus\/2108-champu-solido-cabello-normal-50gr-valquer.html\">Champ\u00fa Repair Therapy de V\u00e1lquer<\/a><\/strong>, que limpia mientras aporta elasticidad y brillo.<\/p>\n\n\n\n<p>Si quieres ampliar informaci\u00f3n sobre c\u00f3mo elegir el champ\u00fa adecuado seg\u00fan tu tipo de cabello, en el <strong>blog de Alvicosmetics<\/strong> puedes leer el art\u00edculo <em>\u201c<a href=\"https:\/\/alvicosmetics.com\/blog\/como-mantener-el-peinado-todo-el-dia-productos-clave-para-un-acabado-perfecto\/\">C\u00f3mo cuidar el cabello seco y evitar la rotura<\/a>\u201d<\/em>, donde se explican los principales ingredientes que ayudan a mantener el equilibrio del cuero cabelludo.<\/p>\n\n\n\n<h2 class=\"wp-block-heading\">Hidrataci\u00f3n profunda con un tratamiento capilar reparador<\/h2>\n\n\n\n<p>El eje central de la recuperaci\u00f3n est\u00e1 en el uso de mascarillas o tratamientos intensivos. Un <strong>tratamiento capilar reparador<\/strong> reestructura la fibra desde dentro y sella la cut\u00edcula para retener la hidrataci\u00f3n. Lo ideal es aplicarlo una o dos veces por semana, dejando actuar el producto durante varios minutos.<br>Entre los productos m\u00e1s recomendados se encuentra la <strong><a href=\"https:\/\/alvicosmetics.com\/mascarillas\/233-mascarilla-defender-bonder-plex-tahe-300ml.html\">Mascarilla Capilar Intensive Repair de Tahe<\/a><\/strong>, con prote\u00ednas de seda y aceite de arg\u00e1n, o el <strong><a href=\"https:\/\/alvicosmetics.com\/ampollas\/2585-caja-de-ampollas-keramix-keratin-shot-salerm-.html\">Tratamiento Capilar Keratin Shot de Salerm<\/a><\/strong>, dise\u00f1ado para reparar cabellos da\u00f1ados por procesos qu\u00edmicos o t\u00e9rmicos.<\/p>\n\n\n\n<p>Seg\u00fan se\u00f1alan los expertos de la revista <a href=\"https:\/\/www.vogue.es\/\" target=\"_blank\" rel=\"noreferrer noopener\">Vogue Espa\u00f1a<\/a> en su art\u00edculo sobre c\u00f3mo tratar el cabello da\u00f1ado por el sol, la constancia es fundamental: mantener una rutina de hidrataci\u00f3n profunda es m\u00e1s efectivo que aplicar grandes dosis de producto de forma puntual.<\/p>\n\n\n\n<h2 class=\"wp-block-heading\">No descuides la protecci\u00f3n t\u00e9rmica ni solar<\/h2>\n\n\n\n<p>Aunque el verano haya pasado, el uso diario de secadores, planchas o rizadores sigue afectando al estado del cabello. Antes de aplicar calor, utiliza un protector t\u00e9rmico que minimice el da\u00f1o y facilite el peinado. El <strong><a href=\"https:\/\/alvicosmetics.com\/ampollas\/2349-pack-anticaida-champu-250ml-ampollas-10x10ml-nirvel-.html\">Spray Termoprotector Total Defense de Nirvel<\/a><\/strong> es una buena opci\u00f3n para proteger la fibra capilar de las altas temperaturas.<\/p>\n\n\n\n<p>Asimismo, los filtros UV son esenciales incluso en oto\u00f1o e invierno, especialmente si pasas tiempo al aire libre. En el blog de Alvicosmetics puedes encontrar el art\u00edculo <em>\u201c<a href=\"https:\/\/alvicosmetics.com\/blog\/como-preparar-el-cabello-para-el-verano-y-evitar-danos-por-sol-cloro-y-calor\/\">Por qu\u00e9 usar protectores solares capilares todo el a\u00f1o<\/a>\u201d<\/em>, donde se explica c\u00f3mo el sol puede seguir afectando a la cut\u00edcula del cabello aunque la radiaci\u00f3n no sea tan intensa.<\/p>\n\n\n\n<h2 class=\"wp-block-heading\">Reforzar el brillo con aceites y s\u00e9rums capilares<\/h2>\n\n\n\n<p>Una vez recuperada la hidrataci\u00f3n, conviene a\u00f1adir un toque de brillo y suavidad extra con aceites o s\u00e9rums. Estos productos sellan las puntas y aportan un acabado luminoso sin apelmazar.<br>El <strong><a href=\"https:\/\/alvicosmetics.com\/fibras-capilares\/1209-fibra-capilar-rubio-medio-100-natural-asuer.html\">Aceite de Arg\u00e1n Oro L\u00edquido de Naturalium<\/a><\/strong> o el <strong><a href=\"http:\/\/alvicosmetics.com\/semipermanentes\/2629-2924-esmaltes-semipermanentes-12ml-gelfix.html#\/1385-color-alaska\">S\u00e9rum Capilar Brillo Intenso de Inebrya<\/a><\/strong> son dos f\u00f3rmulas ligeras perfectas para aplicar en medios y puntas despu\u00e9s del secado.<br>Adem\u00e1s, puedes leer en el blog de Alvicosmetics la entrada <em>\u201c<a href=\"https:\/\/alvicosmetics.com\/blog\/rutina-de-cuidado-del-cabello-tenido-trucos-y-productos-recomendados\/\">Aceites capilares: c\u00f3mo usarlos correctamente para no engrasar el pelo<\/a>\u201d<\/em>, donde se explica la cantidad y frecuencia ideal seg\u00fan el tipo de cabello.<\/p>\n\n\n\n<h2 class=\"wp-block-heading\">Mantener resultados con una rutina constante<\/h2>\n\n\n\n<p>No basta con un solo tratamiento puntual: la reparaci\u00f3n del cabello requiere constancia. Alternar champ\u00fas suaves, mascarillas nutritivas y protectores t\u00e9rmicos forma una rutina completa que mantiene el cabello sano y brillante.<br>En Alvicosmetics puedes crear f\u00e1cilmente tu propia rutina profesional con productos complementarios de la l\u00ednea <strong>Kativa Argan Oil<\/strong>, <strong>Salerm Cosmetics<\/strong> o <strong>Tahe<\/strong>, todos formulados para restaurar el equilibrio natural del cabello.<\/p>\n\n\n\n<p>Si buscas inspiraci\u00f3n para combinar los tratamientos, revisa el art\u00edculo del blog <em>\u201c<a href=\"https:\/\/alvicosmetics.com\/blog\/rutina-de-cuidado-del-cabello-tenido-trucos-y-productos-recomendados\/\">C\u00f3mo crear tu rutina capilar profesional en casa<\/a>\u201d<\/em>, que incluye recomendaciones de orden, frecuencia y tiempos de exposici\u00f3n.<\/p>\n\n\n\n<hr class=\"wp-block-separator has-text-color has-pale-pink-color has-alpha-channel-opacity has-pale-pink-background-color has-background\"\/>\n\n\n\n<p>Recuperar el brillo del cabello tras el verano no depende de milagros, sino de cuidados constantes y productos de calidad. Una buena limpieza, hidrataci\u00f3n profunda, protecci\u00f3n y sellado con aceites son las claves para devolverle vitalidad.<br>Visita <a href=\"https:\/\/alvicosmetics.com\/\">Alvicosmetics<\/a> y descubre su selecci\u00f3n de productos profesionales para todo tipo de cabello. Con una rutina adaptada y un tratamiento capilar reparador, tu melena puede volver a lucir tan sana y brillante como antes del verano.<\/p>\n","protected":false},"excerpt":{"rendered":"<p>El verano deja buenos recuerdos, pero tambi\u00e9n un cabello seco, \u00e1spero y sin vida. La exposici\u00f3n continuada al sol, el cloro, la sal marina y el calor son factores que da\u00f1an la cut\u00edcula capilar, haciendo que el pelo pierda hidrataci\u00f3n y brillo. La buena noticia es que puedes revertir ese efecto con constancia, productos adecuados [&hellip;]<\/p>\n","protected":false},"author":1,"featured_media":304,"comment_status":"closed","ping_status":"closed","sticky":false,"template":"","format":"standard","meta":{"footnotes":""},"categories":[1],"tags":[],"class_list":["post-303","post","type-post","status-publish","format-standard","has-post-thumbnail","hentry","category-alvi-cosmetics"],"yoast_head":"<!-- This site is optimized with the Yoast SEO Premium plugin v23.7 (Yoast SEO v26.5) - https:\/\/yoast.com\/wordpress\/plugins\/seo\/ -->\n<title>Tratamiento capilar reparador - Alvi Cosmetics Blog<\/title>\n<meta name=\"description\" content=\"Recupera el brillo natural del cabello tras el verano con un tratamiento capilar reparador y productos profesionales.\" \/>\n<meta name=\"robots\" content=\"index, follow, max-snippet:-1, max-image-preview:large, max-video-preview:-1\" \/>\n<link rel=\"canonical\" href=\"https:\/\/alvicosmetics.com\/blog\/tratamiento-capilar-reparador-como-recuperar-el-brillo-del-cabello-despues-del-verano\/\" \/>\n<meta property=\"og:locale\" content=\"es_ES\" \/>\n<meta property=\"og:type\" content=\"article\" \/>\n<meta property=\"og:title\" content=\"Tratamiento capilar reparador: c\u00f3mo recuperar el brillo del cabello despu\u00e9s del verano\" \/>\n<meta property=\"og:description\" content=\"Recupera el brillo natural del cabello tras el verano con un tratamiento capilar reparador y productos profesionales.\" \/>\n<meta property=\"og:url\" content=\"https:\/\/alvicosmetics.com\/blog\/tratamiento-capilar-reparador-como-recuperar-el-brillo-del-cabello-despues-del-verano\/\" \/>\n<meta property=\"og:site_name\" content=\"Alvi Cosmetics Blog\" \/>\n<meta property=\"article:published_time\" content=\"2025-11-07T09:00:00+00:00\" \/>\n<meta property=\"article:modified_time\" content=\"2025-11-07T10:33:21+00:00\" \/>\n<meta property=\"og:image\" content=\"https:\/\/alvicosmetics.com\/blog\/wp-content\/uploads\/2025\/11\/tratamiento-capilar-reparador-alvicosmetics.jpg\" \/>\n\t<meta property=\"og:image:width\" content=\"2000\" \/>\n\t<meta property=\"og:image:height\" content=\"1333\" \/>\n\t<meta property=\"og:image:type\" content=\"image\/jpeg\" \/>\n<meta name=\"author\" content=\"administrador\" \/>\n<meta name=\"twitter:card\" content=\"summary_large_image\" \/>\n<meta name=\"twitter:label1\" content=\"Escrito por\" \/>\n\t<meta name=\"twitter:data1\" content=\"administrador\" \/>\n\t<meta name=\"twitter:label2\" content=\"Tiempo de lectura\" \/>\n\t<meta name=\"twitter:data2\" content=\"4 minutos\" \/>\n<script type=\"application\/ld+json\" class=\"yoast-schema-graph\">{\"@context\":\"https:\/\/schema.org\",\"@graph\":[{\"@type\":\"Article\",\"@id\":\"https:\/\/alvicosmetics.com\/blog\/tratamiento-capilar-reparador-como-recuperar-el-brillo-del-cabello-despues-del-verano\/#article\",\"isPartOf\":{\"@id\":\"https:\/\/alvicosmetics.com\/blog\/tratamiento-capilar-reparador-como-recuperar-el-brillo-del-cabello-despues-del-verano\/\"},\"author\":{\"name\":\"administrador\",\"@id\":\"https:\/\/alvicosmetics.com\/blog\/#\/schema\/person\/27a819dfaa518e24c3f31e4de5f2f047\"},\"headline\":\"Tratamiento capilar reparador: c\u00f3mo recuperar el brillo del cabello despu\u00e9s del verano\",\"datePublished\":\"2025-11-07T09:00:00+00:00\",\"dateModified\":\"2025-11-07T10:33:21+00:00\",\"mainEntityOfPage\":{\"@id\":\"https:\/\/alvicosmetics.com\/blog\/tratamiento-capilar-reparador-como-recuperar-el-brillo-del-cabello-despues-del-verano\/\"},\"wordCount\":861,\"publisher\":{\"@id\":\"https:\/\/alvicosmetics.com\/blog\/#organization\"},\"image\":{\"@id\":\"https:\/\/alvicosmetics.com\/blog\/tratamiento-capilar-reparador-como-recuperar-el-brillo-del-cabello-despues-del-verano\/#primaryimage\"},\"thumbnailUrl\":\"https:\/\/alvicosmetics.com\/blog\/wp-content\/uploads\/2025\/11\/tratamiento-capilar-reparador-alvicosmetics.jpg\",\"articleSection\":[\"Alvi Cosmetics\"],\"inLanguage\":\"es\"},{\"@type\":\"WebPage\",\"@id\":\"https:\/\/alvicosmetics.com\/blog\/tratamiento-capilar-reparador-como-recuperar-el-brillo-del-cabello-despues-del-verano\/\",\"url\":\"https:\/\/alvicosmetics.com\/blog\/tratamiento-capilar-reparador-como-recuperar-el-brillo-del-cabello-despues-del-verano\/\",\"name\":\"Tratamiento capilar reparador - Alvi Cosmetics Blog\",\"isPartOf\":{\"@id\":\"https:\/\/alvicosmetics.com\/blog\/#website\"},\"primaryImageOfPage\":{\"@id\":\"https:\/\/alvicosmetics.com\/blog\/tratamiento-capilar-reparador-como-recuperar-el-brillo-del-cabello-despues-del-verano\/#primaryimage\"},\"image\":{\"@id\":\"https:\/\/alvicosmetics.com\/blog\/tratamiento-capilar-reparador-como-recuperar-el-brillo-del-cabello-despues-del-verano\/#primaryimage\"},\"thumbnailUrl\":\"https:\/\/alvicosmetics.com\/blog\/wp-content\/uploads\/2025\/11\/tratamiento-capilar-reparador-alvicosmetics.jpg\",\"datePublished\":\"2025-11-07T09:00:00+00:00\",\"dateModified\":\"2025-11-07T10:33:21+00:00\",\"description\":\"Recupera el brillo natural del cabello tras el verano con un tratamiento capilar reparador y productos profesionales.\",\"breadcrumb\":{\"@id\":\"https:\/\/alvicosmetics.com\/blog\/tratamiento-capilar-reparador-como-recuperar-el-brillo-del-cabello-despues-del-verano\/#breadcrumb\"},\"inLanguage\":\"es\",\"potentialAction\":[{\"@type\":\"ReadAction\",\"target\":[\"https:\/\/alvicosmetics.com\/blog\/tratamiento-capilar-reparador-como-recuperar-el-brillo-del-cabello-despues-del-verano\/\"]}]},{\"@type\":\"ImageObject\",\"inLanguage\":\"es\",\"@id\":\"https:\/\/alvicosmetics.com\/blog\/tratamiento-capilar-reparador-como-recuperar-el-brillo-del-cabello-despues-del-verano\/#primaryimage\",\"url\":\"https:\/\/alvicosmetics.com\/blog\/wp-content\/uploads\/2025\/11\/tratamiento-capilar-reparador-alvicosmetics.jpg\",\"contentUrl\":\"https:\/\/alvicosmetics.com\/blog\/wp-content\/uploads\/2025\/11\/tratamiento-capilar-reparador-alvicosmetics.jpg\",\"width\":2000,\"height\":1333,\"caption\":\"tratamiento capilar reparador\"},{\"@type\":\"BreadcrumbList\",\"@id\":\"https:\/\/alvicosmetics.com\/blog\/tratamiento-capilar-reparador-como-recuperar-el-brillo-del-cabello-despues-del-verano\/#breadcrumb\",\"itemListElement\":[{\"@type\":\"ListItem\",\"position\":1,\"name\":\"Portada\",\"item\":\"https:\/\/alvicosmetics.com\/blog\/\"},{\"@type\":\"ListItem\",\"position\":2,\"name\":\"Tratamiento capilar reparador: c\u00f3mo recuperar el brillo del cabello despu\u00e9s del verano\"}]},{\"@type\":\"WebSite\",\"@id\":\"https:\/\/alvicosmetics.com\/blog\/#website\",\"url\":\"https:\/\/alvicosmetics.com\/blog\/\",\"name\":\"Alvi Cosmetics Blog\",\"description\":\"\",\"publisher\":{\"@id\":\"https:\/\/alvicosmetics.com\/blog\/#organization\"},\"potentialAction\":[{\"@type\":\"SearchAction\",\"target\":{\"@type\":\"EntryPoint\",\"urlTemplate\":\"https:\/\/alvicosmetics.com\/blog\/?s={search_term_string}\"},\"query-input\":{\"@type\":\"PropertyValueSpecification\",\"valueRequired\":true,\"valueName\":\"search_term_string\"}}],\"inLanguage\":\"es\"},{\"@type\":\"Organization\",\"@id\":\"https:\/\/alvicosmetics.com\/blog\/#organization\",\"name\":\"Alvi Cosmetics\",\"url\":\"https:\/\/alvicosmetics.com\/blog\/\",\"logo\":{\"@type\":\"ImageObject\",\"inLanguage\":\"es\",\"@id\":\"https:\/\/alvicosmetics.com\/blog\/#\/schema\/logo\/image\/\",\"url\":\"https:\/\/alvicosmetics.com\/blog\/wp-content\/uploads\/2025\/02\/logo-alvi-web.png\",\"contentUrl\":\"https:\/\/alvicosmetics.com\/blog\/wp-content\/uploads\/2025\/02\/logo-alvi-web.png\",\"width\":2553,\"height\":1868,\"caption\":\"Alvi Cosmetics\"},\"image\":{\"@id\":\"https:\/\/alvicosmetics.com\/blog\/#\/schema\/logo\/image\/\"}},{\"@type\":\"Person\",\"@id\":\"https:\/\/alvicosmetics.com\/blog\/#\/schema\/person\/27a819dfaa518e24c3f31e4de5f2f047\",\"name\":\"administrador\",\"image\":{\"@type\":\"ImageObject\",\"inLanguage\":\"es\",\"@id\":\"https:\/\/alvicosmetics.com\/blog\/#\/schema\/person\/image\/\",\"url\":\"https:\/\/secure.gravatar.com\/avatar\/806df3478c9564830bb82d94498d00c666742930f2905afb492815f2367ff9f6?s=96&d=mm&r=g\",\"contentUrl\":\"https:\/\/secure.gravatar.com\/avatar\/806df3478c9564830bb82d94498d00c666742930f2905afb492815f2367ff9f6?s=96&d=mm&r=g\",\"caption\":\"administrador\"},\"sameAs\":[\"https:\/\/alvicosmetics.com\/blog\"],\"url\":\"https:\/\/alvicosmetics.com\/blog\/author\/administrador\/\"}]}<\/script>\n<!-- \/ Yoast SEO Premium plugin. -->","yoast_head_json":{"title":"Tratamiento capilar reparador - Alvi Cosmetics Blog","description":"Recupera el brillo natural del cabello tras el verano con un tratamiento capilar reparador y productos profesionales.","robots":{"index":"index","follow":"follow","max-snippet":"max-snippet:-1","max-image-preview":"max-image-preview:large","max-video-preview":"max-video-preview:-1"},"canonical":"https:\/\/alvicosmetics.com\/blog\/tratamiento-capilar-reparador-como-recuperar-el-brillo-del-cabello-despues-del-verano\/","og_locale":"es_ES","og_type":"article","og_title":"Tratamiento capilar reparador: c\u00f3mo recuperar el brillo del cabello despu\u00e9s del verano","og_description":"Recupera el brillo natural del cabello tras el verano con un tratamiento capilar reparador y productos profesionales.","og_url":"https:\/\/alvicosmetics.com\/blog\/tratamiento-capilar-reparador-como-recuperar-el-brillo-del-cabello-despues-del-verano\/","og_site_name":"Alvi Cosmetics Blog","article_published_time":"2025-11-07T09:00:00+00:00","article_modified_time":"2025-11-07T10:33:21+00:00","og_image":[{"width":2000,"height":1333,"url":"https:\/\/alvicosmetics.com\/blog\/wp-content\/uploads\/2025\/11\/tratamiento-capilar-reparador-alvicosmetics.jpg","type":"image\/jpeg"}],"author":"administrador","twitter_card":"summary_large_image","twitter_misc":{"Escrito por":"administrador","Tiempo de lectura":"4 minutos"},"schema":{"@context":"https:\/\/schema.org","@graph":[{"@type":"Article","@id":"https:\/\/alvicosmetics.com\/blog\/tratamiento-capilar-reparador-como-recuperar-el-brillo-del-cabello-despues-del-verano\/#article","isPartOf":{"@id":"https:\/\/alvicosmetics.com\/blog\/tratamiento-capilar-reparador-como-recuperar-el-brillo-del-cabello-despues-del-verano\/"},"author":{"name":"administrador","@id":"https:\/\/alvicosmetics.com\/blog\/#\/schema\/person\/27a819dfaa518e24c3f31e4de5f2f047"},"headline":"Tratamiento capilar reparador: c\u00f3mo recuperar el brillo del cabello despu\u00e9s del verano","datePublished":"2025-11-07T09:00:00+00:00","dateModified":"2025-11-07T10:33:21+00:00","mainEntityOfPage":{"@id":"https:\/\/alvicosmetics.com\/blog\/tratamiento-capilar-reparador-como-recuperar-el-brillo-del-cabello-despues-del-verano\/"},"wordCount":861,"publisher":{"@id":"https:\/\/alvicosmetics.com\/blog\/#organization"},"image":{"@id":"https:\/\/alvicosmetics.com\/blog\/tratamiento-capilar-reparador-como-recuperar-el-brillo-del-cabello-despues-del-verano\/#primaryimage"},"thumbnailUrl":"https:\/\/alvicosmetics.com\/blog\/wp-content\/uploads\/2025\/11\/tratamiento-capilar-reparador-alvicosmetics.jpg","articleSection":["Alvi Cosmetics"],"inLanguage":"es"},{"@type":"WebPage","@id":"https:\/\/alvicosmetics.com\/blog\/tratamiento-capilar-reparador-como-recuperar-el-brillo-del-cabello-despues-del-verano\/","url":"https:\/\/alvicosmetics.com\/blog\/tratamiento-capilar-reparador-como-recuperar-el-brillo-del-cabello-despues-del-verano\/","name":"Tratamiento capilar reparador - Alvi Cosmetics Blog","isPartOf":{"@id":"https:\/\/alvicosmetics.com\/blog\/#website"},"primaryImageOfPage":{"@id":"https:\/\/alvicosmetics.com\/blog\/tratamiento-capilar-reparador-como-recuperar-el-brillo-del-cabello-despues-del-verano\/#primaryimage"},"image":{"@id":"https:\/\/alvicosmetics.com\/blog\/tratamiento-capilar-reparador-como-recuperar-el-brillo-del-cabello-despues-del-verano\/#primaryimage"},"thumbnailUrl":"https:\/\/alvicosmetics.com\/blog\/wp-content\/uploads\/2025\/11\/tratamiento-capilar-reparador-alvicosmetics.jpg","datePublished":"2025-11-07T09:00:00+00:00","dateModified":"2025-11-07T10:33:21+00:00","description":"Recupera el brillo natural del cabello tras el verano con un tratamiento capilar reparador y productos profesionales.","breadcrumb":{"@id":"https:\/\/alvicosmetics.com\/blog\/tratamiento-capilar-reparador-como-recuperar-el-brillo-del-cabello-despues-del-verano\/#breadcrumb"},"inLanguage":"es","potentialAction":[{"@type":"ReadAction","target":["https:\/\/alvicosmetics.com\/blog\/tratamiento-capilar-reparador-como-recuperar-el-brillo-del-cabello-despues-del-verano\/"]}]},{"@type":"ImageObject","inLanguage":"es","@id":"https:\/\/alvicosmetics.com\/blog\/tratamiento-capilar-reparador-como-recuperar-el-brillo-del-cabello-despues-del-verano\/#primaryimage","url":"https:\/\/alvicosmetics.com\/blog\/wp-content\/uploads\/2025\/11\/tratamiento-capilar-reparador-alvicosmetics.jpg","contentUrl":"https:\/\/alvicosmetics.com\/blog\/wp-content\/uploads\/2025\/11\/tratamiento-capilar-reparador-alvicosmetics.jpg","width":2000,"height":1333,"caption":"tratamiento capilar reparador"},{"@type":"BreadcrumbList","@id":"https:\/\/alvicosmetics.com\/blog\/tratamiento-capilar-reparador-como-recuperar-el-brillo-del-cabello-despues-del-verano\/#breadcrumb","itemListElement":[{"@type":"ListItem","position":1,"name":"Portada","item":"https:\/\/alvicosmetics.com\/blog\/"},{"@type":"ListItem","position":2,"name":"Tratamiento capilar reparador: c\u00f3mo recuperar el brillo del cabello despu\u00e9s del verano"}]},{"@type":"WebSite","@id":"https:\/\/alvicosmetics.com\/blog\/#website","url":"https:\/\/alvicosmetics.com\/blog\/","name":"Alvi Cosmetics Blog","description":"","publisher":{"@id":"https:\/\/alvicosmetics.com\/blog\/#organization"},"potentialAction":[{"@type":"SearchAction","target":{"@type":"EntryPoint","urlTemplate":"https:\/\/alvicosmetics.com\/blog\/?s={search_term_string}"},"query-input":{"@type":"PropertyValueSpecification","valueRequired":true,"valueName":"search_term_string"}}],"inLanguage":"es"},{"@type":"Organization","@id":"https:\/\/alvicosmetics.com\/blog\/#organization","name":"Alvi Cosmetics","url":"https:\/\/alvicosmetics.com\/blog\/","logo":{"@type":"ImageObject","inLanguage":"es","@id":"https:\/\/alvicosmetics.com\/blog\/#\/schema\/logo\/image\/","url":"https:\/\/alvicosmetics.com\/blog\/wp-content\/uploads\/2025\/02\/logo-alvi-web.png","contentUrl":"https:\/\/alvicosmetics.com\/blog\/wp-content\/uploads\/2025\/02\/logo-alvi-web.png","width":2553,"height":1868,"caption":"Alvi Cosmetics"},"image":{"@id":"https:\/\/alvicosmetics.com\/blog\/#\/schema\/logo\/image\/"}},{"@type":"Person","@id":"https:\/\/alvicosmetics.com\/blog\/#\/schema\/person\/27a819dfaa518e24c3f31e4de5f2f047","name":"administrador","image":{"@type":"ImageObject","inLanguage":"es","@id":"https:\/\/alvicosmetics.com\/blog\/#\/schema\/person\/image\/","url":"https:\/\/secure.gravatar.com\/avatar\/806df3478c9564830bb82d94498d00c666742930f2905afb492815f2367ff9f6?s=96&d=mm&r=g","contentUrl":"https:\/\/secure.gravatar.com\/avatar\/806df3478c9564830bb82d94498d00c666742930f2905afb492815f2367ff9f6?s=96&d=mm&r=g","caption":"administrador"},"sameAs":["https:\/\/alvicosmetics.com\/blog"],"url":"https:\/\/alvicosmetics.com\/blog\/author\/administrador\/"}]}},"_links":{"self":[{"href":"https:\/\/alvicosmetics.com\/blog\/wp-json\/wp\/v2\/posts\/303","targetHints":{"allow":["GET"]}}],"collection":[{"href":"https:\/\/alvicosmetics.com\/blog\/wp-json\/wp\/v2\/posts"}],"about":[{"href":"https:\/\/alvicosmetics.com\/blog\/wp-json\/wp\/v2\/types\/post"}],"author":[{"embeddable":true,"href":"https:\/\/alvicosmetics.com\/blog\/wp-json\/wp\/v2\/users\/1"}],"replies":[{"embeddable":true,"href":"https:\/\/alvicosmetics.com\/blog\/wp-json\/wp\/v2\/comments?post=303"}],"version-history":[{"count":1,"href":"https:\/\/alvicosmetics.com\/blog\/wp-json\/wp\/v2\/posts\/303\/revisions"}],"predecessor-version":[{"id":305,"href":"https:\/\/alvicosmetics.com\/blog\/wp-json\/wp\/v2\/posts\/303\/revisions\/305"}],"wp:featuredmedia":[{"embeddable":true,"href":"https:\/\/alvicosmetics.com\/blog\/wp-json\/wp\/v2\/media\/304"}],"wp:attachment":[{"href":"https:\/\/alvicosmetics.com\/blog\/wp-json\/wp\/v2\/media?parent=303"}],"wp:term":[{"taxonomy":"category","embeddable":true,"href":"https:\/\/alvicosmetics.com\/blog\/wp-json\/wp\/v2\/categories?post=303"},{"taxonomy":"post_tag","embeddable":true,"href":"https:\/\/alvicosmetics.com\/blog\/wp-json\/wp\/v2\/tags?post=303"}],"curies":[{"name":"wp","href":"https:\/\/api.w.org\/{rel}","templated":true}]}}